{"id":125,"date":"2005-11-04T23:18:55","date_gmt":"2005-11-04T23:18:55","guid":{"rendered":"http:\/\/mysparky.org\/solarverein\/?p=125"},"modified":"2015-05-27T07:14:50","modified_gmt":"2015-05-27T05:14:50","slug":"pressemitteilung-einweihung-der-vierten-burger-solar-anlage-in-teltow-findet-groses-interesse-in-der-offentlichkeit","status":"publish","type":"post","link":"https:\/\/solarverein-berlin.de\/?p=125","title":{"rendered":"Einweihung der vierten B\u00fcrger-Solar-Anlage in Teltow findet gro\u00dfes Interesse in der \u00d6ffentlichkeit"},"content":{"rendered":"<div class=\"req-clearing-container\"><ul class=\" has-featured\" data-clearing><li><a href=\"https:\/\/solarverein-berlin.de\/wp-content\/uploads\/2013\/08\/GbR-4-Bild-c.jpg\"><img decoding=\"async\" src=\"https:\/\/solarverein-berlin.de\/wp-content\/uploads\/2013\/08\/GbR-4-Bild-c-640x453.jpg\" \/><\/a><\/li><li><a href=\"https:\/\/solarverein-berlin.de\/wp-content\/uploads\/2013\/08\/GbR-4-Bild-b.jpg\"><img decoding=\"async\" src=\"https:\/\/solarverein-berlin.de\/wp-content\/uploads\/2013\/08\/GbR-4-Bild-b-640x428.jpg\" \/><\/a><\/li><li><a href=\"https:\/\/solarverein-berlin.de\/wp-content\/uploads\/2013\/08\/GbR-4-Bild-d.jpg\"><img decoding=\"async\" src=\"https:\/\/solarverein-berlin.de\/wp-content\/uploads\/2013\/08\/GbR-4-Bild-d-640x481.jpg\" \/><\/a><\/li><li><a href=\"https:\/\/solarverein-berlin.de\/wp-content\/uploads\/2013\/08\/GbR-4-Bild-a.jpg\"><img decoding=\"async\" src=\"https:\/\/solarverein-berlin.de\/wp-content\/uploads\/2013\/08\/GbR-4-Bild-a-640x481.jpg\" \/><\/a><\/li><\/ul><\/div>\n<p>Am 14. November 2005 wurde die vierte B\u00fcrger-Solar-Anlage des Solarverein Berlin e.V. in Anwesenheit von 150 Sch\u00fclerinnen und Sch\u00fclern, viel Prominenz, Gesellschaftern der B\u00fcrgersolaranlage und Freunden des Solarvereins feierlich in Betrieb genommen. Die Anlage befindet sich auf dem Dach der Bruno H. B\u00fcrgel Oberschule in Teltow und ist ein Beispiel f\u00fcr die erfolgreiche Kooperation des Solarverein Berlin e. V. mit der Lokalen Agenda 21 Teltow. Das b\u00fcrgerschaftliche Engagement wurde unb\u00fcrokratisch unterst\u00fctzt durch die Stadtverwaltung Teltow, die der Betreibergesellschaft das Dach der Schule mietfrei zur Verf\u00fcgung stellt.<br \/>\n<!--more--><\/p>\n<p>Die Einweihung fand im Rahmen einer Feierstunde zur umfassenden Sanierung der Schule statt. Nach der Sanierung ist das Schulgeb\u00e4ude ein Beispiel, wie moderne Geb\u00e4ude sinnvoll f\u00fcr den Umweltschutz genutzt werden k\u00f6nnen. Auf der Dachfl\u00e4che wird Strom aus Sonnenenergie produziert, in die Fassaden sind Brutpl\u00e4tze f\u00fcr Mauersegler und Flederm\u00e4use integriert.<\/p>\n<p>B\u00fcrgermeister Thomas Schmidt wies in seiner Rede auf die Bedeutung des b\u00fcrgerschaftlichen Engagements f\u00fcr eine zukunftsf\u00e4hige Entwicklung der Gemeinde hin. So bedankte er sich nicht nur bei den Handwerksbetrieben f\u00fcr deren Arbeit, sondern auch bei den engagierten B\u00fcrgerinnen und B\u00fcrgern die sich unerm\u00fcdlich f\u00fcr eine zukunftsgerechte Sanierung des Schulgeb\u00e4udes einsetzten.<\/p>\n<p>Im Treppenhaus des Schulgeb\u00e4udes k\u00f6nnen sich Interessierte zuk\u00fcnftig ein Bild von der Arbeit der B\u00fcrger-Solar-Anlage machen. Der Solarverein Berlin e. V. hatte daf\u00fcr eine elektronische Anzeigentafel gespendet, integriert in eine Infotafel wird diese laufend die eingespeiste Strommenge anzeigen.<\/p>\n<p>Neben den Feierlichkeiten haben die Veranstalter auch eine F\u00fclle von Informationen zum Klima- und Artenschutz angeboten. Claudia Pirch-Masloch, Vorsitzende des Solarverein Berlin e. V., informierte in einem anschaulichen Vortrag \u00fcber das Konzept der B\u00fcrger-Solar-Anlagen. In verst\u00e4ndlichen Worten erl\u00e4uterte Dr. Susanne Nawrath vom Potsdam Institut f\u00fcr Klimafolgenforschung (PIK) die naturwissenschaftlichen Zusammenh\u00e4nge der Klimaentwicklung insbesondere im Land Brandenburg.<\/p>\n<p>Der Solarverein Berlin e. V. sucht derzeit Anteilszeichner f\u00fcr die f\u00fcnfte B\u00fcrger-Solar-Anlage, die 2006 in Berlin Wei\u00dfensee gebaut wird. Wer Interesse hat, sich aktiv am Ausbau der Sonnenenergie zu beteiligen und nicht auf eine Rendite verzichten will, kann sich an den Verein wenden oder direkt auf der Website Anteilscheine an der B\u00fcrger-Solar-Anlage reservieren.<\/p>\n","protected":false},"excerpt":{"rendered":"<p>Am 14. November 2005 wurde die vierte B\u00fcrger-Solar-Anlage des Solarverein Berlin e.V. in Anwesenheit von 150 Sch\u00fclerinnen und Sch\u00fclern, viel Prominenz, Gesellschaftern der B\u00fcrgersolaranlage und Freunden des Solarvereins feierlich in Betrieb genommen. Die Anlage befindet sich auf dem Dach der <a class=\"read-more\" href=\"https:\/\/solarverein-berlin.de\/?p=125\">&hellip; Weiterlesen &rarr;<\/a><\/p>\n","protected":false},"author":2,"featured_media":0,"comment_status":"closed","ping_status":"open","sticky":false,"template":"","format":"standard","meta":{"footnotes":""},"categories":[5],"tags":[],"class_list":["post-125","post","type-post","status-publish","format-standard","hentry","category-news"],"_links":{"self":[{"href":"https:\/\/solarverein-berlin.de\/index.php?rest_route=\/wp\/v2\/posts\/125","targetHints":{"allow":["GET"]}}],"collection":[{"href":"https:\/\/solarverein-berlin.de\/index.php?rest_route=\/wp\/v2\/posts"}],"about":[{"href":"https:\/\/solarverein-berlin.de\/index.php?rest_route=\/wp\/v2\/types\/post"}],"author":[{"embeddable":true,"href":"https:\/\/solarverein-berlin.de\/index.php?rest_route=\/wp\/v2\/users\/2"}],"replies":[{"embeddable":true,"href":"https:\/\/solarverein-berlin.de\/index.php?rest_route=%2Fwp%2Fv2%2Fcomments&post=125"}],"version-history":[{"count":1,"href":"https:\/\/solarverein-berlin.de\/index.php?rest_route=\/wp\/v2\/posts\/125\/revisions"}],"predecessor-version":[{"id":1693,"href":"https:\/\/solarverein-berlin.de\/index.php?rest_route=\/wp\/v2\/posts\/125\/revisions\/1693"}],"wp:attachment":[{"href":"https:\/\/solarverein-berlin.de\/index.php?rest_route=%2Fwp%2Fv2%2Fmedia&parent=125"}],"wp:term":[{"taxonomy":"category","embeddable":true,"href":"https:\/\/solarverein-berlin.de\/index.php?rest_route=%2Fwp%2Fv2%2Fcategories&post=125"},{"taxonomy":"post_tag","embeddable":true,"href":"https:\/\/solarverein-berlin.de\/index.php?rest_route=%2Fwp%2Fv2%2Ftags&post=125"}],"curies":[{"name":"wp","href":"https:\/\/api.w.org\/{rel}","templated":true}]}}