{"id":1330,"date":"2014-06-25T20:16:21","date_gmt":"2014-06-25T20:16:21","guid":{"rendered":"http:\/\/svbb.smuemd.de\/?p=1330"},"modified":"2015-05-27T07:14:21","modified_gmt":"2015-05-27T05:14:21","slug":"fahrradtour-2013-falkensee","status":"publish","type":"post","link":"https:\/\/solarverein-berlin.de\/?p=1330","title":{"rendered":"Fahrradtour 2014: Rund um Falkensee"},"content":{"rendered":"<p>Unsere zehnte Fahrradtour f\u00fchrte uns am 21. Juni 2014 westlich \u00fcber die Berliner Stadtgrenze hinaus nach Falkensee. Die Aktiven der Initiative B\u00fcrgersolaranlagen LA 21 Falkensee hatten eine interessante und abwechslungsreiche Tour f\u00fcr uns zusammengestellt.<\/p>\n<p>Das Wetter h\u00e4tte man sich f\u00fcr den Sommerwendentag besser vorstellen k\u00f6nnen. Aber 15 TeilnehmerInnen trotzten dem kr\u00e4ftigen Wind und gelegentlichen Regen. Beim Einradeln im Bahnhofsgel\u00e4nde nach gut 45 km Fahrtstrecke war man sich einig: Es war eine anstrengende aber sehr sch\u00f6ne Fahrt.<\/p>\n<div class=\"req-clearing-container\"><ul class=\" has-featured\" data-clearing><li><a href=\"https:\/\/solarverein-berlin.de\/wp-content\/uploads\/2014\/06\/CIMG2227.jpg\"><img decoding=\"async\" src=\"https:\/\/solarverein-berlin.de\/wp-content\/uploads\/2014\/06\/CIMG2227-640x480.jpg\" \/><\/a><\/li><li><a href=\"https:\/\/solarverein-berlin.de\/wp-content\/uploads\/2014\/06\/CIMG22371.jpg\"><img decoding=\"async\" src=\"https:\/\/solarverein-berlin.de\/wp-content\/uploads\/2014\/06\/CIMG22371-640x480.jpg\" \/><\/a><\/li><li><a href=\"https:\/\/solarverein-berlin.de\/wp-content\/uploads\/2014\/06\/CIMG2247.jpg\"><img decoding=\"async\" src=\"https:\/\/solarverein-berlin.de\/wp-content\/uploads\/2014\/06\/CIMG2247-640x480.jpg\" \/><\/a><\/li><li><a href=\"https:\/\/solarverein-berlin.de\/wp-content\/uploads\/2014\/06\/CIMG2257.jpg\"><img decoding=\"async\" src=\"https:\/\/solarverein-berlin.de\/wp-content\/uploads\/2014\/06\/CIMG2257-640x480.jpg\" \/><\/a><\/li><li><a href=\"https:\/\/solarverein-berlin.de\/wp-content\/uploads\/2014\/06\/DSC08959.jpg\"><img decoding=\"async\" src=\"https:\/\/solarverein-berlin.de\/wp-content\/uploads\/2014\/06\/DSC08959-640x480.jpg\" \/><\/a><\/li><li><a href=\"https:\/\/solarverein-berlin.de\/wp-content\/uploads\/2014\/06\/IMG_4928.jpg\"><img decoding=\"async\" src=\"https:\/\/solarverein-berlin.de\/wp-content\/uploads\/2014\/06\/IMG_4928-640x426.jpg\" \/><\/a><\/li><li><a href=\"https:\/\/solarverein-berlin.de\/wp-content\/uploads\/2014\/06\/IMG_4959.jpg\"><img decoding=\"async\" src=\"https:\/\/solarverein-berlin.de\/wp-content\/uploads\/2014\/06\/IMG_4959-640x426.jpg\" \/><\/a><\/li><li><a href=\"https:\/\/solarverein-berlin.de\/wp-content\/uploads\/2014\/06\/IMG_4976.jpg\"><img decoding=\"async\" src=\"https:\/\/solarverein-berlin.de\/wp-content\/uploads\/2014\/06\/IMG_4976-640x426.jpg\" \/><\/a><\/li><\/ul><\/div>\n<p><!--more--><\/p>\n<p>Am Vormittag radelten wir zu den <strong>f\u00fcnf Falkenseer B\u00fcrgersolaranlagen<\/strong>. Die erste Solaranlage wurde 2005 auf dem Dach der \u201eWerkst\u00e4tten f\u00fcr behinderte Menschen Theodor Fliedner\u201c errichtet und ging mit 9,8 kWp noch im selben Jahr in Betrieb. Sie wurde 2006 auf 14 kWp erweitert.Angespornt durch den Erfolg wurde z\u00fcgig die zweite B\u00fcrgersolaranlage in Falkensee vorbereitet, die Anfang 2007 auf dem Dach der Europaschule mit 30 kWp ans Netz ging. Im Foyer der Schule ist ein Display angebracht, auf dem die Sch\u00fcler die Stromerzeugung verfolgen k\u00f6nnen. Auch im Unterricht wird das Thema in geeigneter Form behandelt.F\u00fcr die dritte B\u00fcrgersolaranlage konnte der Inhaber des BioBackHaus, Herr Hans Leib, gewonnen werden, der nicht nur das Dach seiner neuen Produktionshalle zur Verf\u00fcgung stellte, sondern sich auch als Gesellschafter beteiligte. Sein Einsatz f\u00fcr eine gesunde Ern\u00e4hrung und f\u00fcr eine umweltschonende Stromerzeugung aus Sonnenlicht entspricht voll den Nachhaltigkeitszielen der Lokalen Agenda 21.Im August 2009 wurde die vierte und bereits im Januar 2010 die f\u00fcnfte B\u00fcrgersolaranlage der Lokalen Agenda 21 Falkensee mit jeweils einer Leistung von 27 kWp auf den D\u00e4chern von Wohngeb\u00e4uden in Seeburg montiert. Diese 1. und 2. B\u00fcrgersolaranlage in Dallgow \u2013 D\u00f6beritz befinden sich auf gemeindeeigenen Geb\u00e4uden, deren D\u00e4cher f\u00fcr 20 Jahre angemietet wurden.<\/p>\n<p><img loading=\"lazy\" decoding=\"async\" class=\"aligncenter size-large wp-image-1379\" src=\"https:\/\/solarverein-berlin.de\/wp-content\/uploads\/2014\/06\/DSC08952-640x480.jpg\" alt=\"DSC08952\" width=\"640\" height=\"480\" srcset=\"https:\/\/solarverein-berlin.de\/wp-content\/uploads\/2014\/06\/DSC08952-640x480.jpg 640w, https:\/\/solarverein-berlin.de\/wp-content\/uploads\/2014\/06\/DSC08952-260x195.jpg 260w, https:\/\/solarverein-berlin.de\/wp-content\/uploads\/2014\/06\/DSC08952.jpg 800w\" sizes=\"auto, (max-width: 640px) 100vw, 640px\" \/><\/p>\n<p>Nach einer Mittagspause mit Imbiss am Tennisplatz Havelland ging es bei strammem Gegenwind weiter zu einer <strong>gef\u00fchrten Besichtigung des Olympischen Dorfs in Elstal<\/strong>. Die dort t\u00e4tige DKB Stiftung steht f\u00fcr eine nachhaltige Entwicklung des Olympischen Dorfs von 1936. Ihre bisherigen Aktivit\u00e4ten beschr\u00e4nkten sich daher nicht allein auf die Bestandssicherung und Sanierung der historischen Geb\u00e4ude.Schwerpunkt der Arbeit ist es, das Fl\u00e4chendenkmal in all seinen Facetten der \u00d6ffentlichkeit zug\u00e4nglich zu machen, \u00fcber die historischen Details zu informieren und so die Anlage museal zu nutzen. So erfuhren wir interessante Datails \u00fcber die sp\u00e4tere Nutzung der gro\u00dfen Anlage f\u00fcr milit\u00e4rische Zwecke, die wohl schon in der Bauphase minuti\u00f6s eingeplant gewesen ist. Viele der H\u00e4user sind zerst\u00f6rt durch Umbauten oder Vandalismus, aber das Erhaltenen wird nach und nach wiedererstellt und f\u00fcr Besichtigungen freigegeben. Anschauen konnten wir uns die ehemalige Schwimmhalle, die Turnhalle, das \u201eHaus der Nationen\u201c und eine der Unterk\u00fcnfte f\u00fcr Sportler, in denen auch Jesse Owens vor fast 80 Jahren geschlafen hat.<\/p>\n<p><img loading=\"lazy\" decoding=\"async\" class=\"alignleft size-large wp-image-1386\" src=\"https:\/\/solarverein-berlin.de\/wp-content\/uploads\/2014\/06\/DSC08969-640x480.jpg\" alt=\"DSC08969\" width=\"640\" height=\"480\" srcset=\"https:\/\/solarverein-berlin.de\/wp-content\/uploads\/2014\/06\/DSC08969-640x480.jpg 640w, https:\/\/solarverein-berlin.de\/wp-content\/uploads\/2014\/06\/DSC08969-260x195.jpg 260w, https:\/\/solarverein-berlin.de\/wp-content\/uploads\/2014\/06\/DSC08969.jpg 800w\" sizes=\"auto, (max-width: 640px) 100vw, 640px\" \/><\/p>\n","protected":false},"excerpt":{"rendered":"<p>Unsere zehnte Fahrradtour f\u00fchrte uns am 21. Juni 2014 westlich \u00fcber die Berliner Stadtgrenze hinaus nach Falkensee. Die Aktiven der Initiative B\u00fcrgersolaranlagen LA 21 Falkensee hatten eine interessante und abwechslungsreiche Tour f\u00fcr uns zusammengestellt. Das Wetter h\u00e4tte man sich f\u00fcr <a class=\"read-more\" href=\"https:\/\/solarverein-berlin.de\/?p=1330\">&hellip; Weiterlesen &rarr;<\/a><\/p>\n","protected":false},"author":2,"featured_media":1341,"comment_status":"closed","ping_status":"closed","sticky":false,"template":"","format":"standard","meta":{"footnotes":""},"categories":[1,2,5,6],"tags":[],"class_list":["post-1330","post","type-post","status-publish","format-standard","has-post-thumbnail","hentry","category-aktuelles","category-energietouren","category-news","category-slideshow"],"_links":{"self":[{"href":"https:\/\/solarverein-berlin.de\/index.php?rest_route=\/wp\/v2\/posts\/1330","targetHints":{"allow":["GET"]}}],"collection":[{"href":"https:\/\/solarverein-berlin.de\/index.php?rest_route=\/wp\/v2\/posts"}],"about":[{"href":"https:\/\/solarverein-berlin.de\/index.php?rest_route=\/wp\/v2\/types\/post"}],"author":[{"embeddable":true,"href":"https:\/\/solarverein-berlin.de\/index.php?rest_route=\/wp\/v2\/users\/2"}],"replies":[{"embeddable":true,"href":"https:\/\/solarverein-berlin.de\/index.php?rest_route=%2Fwp%2Fv2%2Fcomments&post=1330"}],"version-history":[{"count":2,"href":"https:\/\/solarverein-berlin.de\/index.php?rest_route=\/wp\/v2\/posts\/1330\/revisions"}],"predecessor-version":[{"id":1536,"href":"https:\/\/solarverein-berlin.de\/index.php?rest_route=\/wp\/v2\/posts\/1330\/revisions\/1536"}],"wp:featuredmedia":[{"embeddable":true,"href":"https:\/\/solarverein-berlin.de\/index.php?rest_route=\/wp\/v2\/media\/1341"}],"wp:attachment":[{"href":"https:\/\/solarverein-berlin.de\/index.php?rest_route=%2Fwp%2Fv2%2Fmedia&parent=1330"}],"wp:term":[{"taxonomy":"category","embeddable":true,"href":"https:\/\/solarverein-berlin.de\/index.php?rest_route=%2Fwp%2Fv2%2Fcategories&post=1330"},{"taxonomy":"post_tag","embeddable":true,"href":"https:\/\/solarverein-berlin.de\/index.php?rest_route=%2Fwp%2Fv2%2Ftags&post=1330"}],"curies":[{"name":"wp","href":"https:\/\/api.w.org\/{rel}","templated":true}]}}