{"id":1447,"date":"2013-05-09T08:34:42","date_gmt":"2013-05-09T08:34:42","guid":{"rendered":"http:\/\/svbb.smuemd.de\/\/\/?p=1"},"modified":"2015-05-27T07:14:21","modified_gmt":"2015-05-27T05:14:21","slug":"test","status":"publish","type":"post","link":"https:\/\/solarverein-berlin.de\/?p=1447","title":{"rendered":"Fahrradtour 2013: Eberswalde"},"content":{"rendered":"<p>Bei wundersch\u00f6nem Wetter f\u00fchrte uns unsere neunte Fr\u00fchjahrstour in den Barnim im Norden von Berlin. Unser erstes Ziel war die gro\u00dfe Freifl\u00e4chen-Solaranlage in Finow. Auf dem Flugplatzgel\u00e4nde in unmittelbarer N\u00e4he zur Piste entstand unter dem Generalunternehmer Solarhybrid AG bis Ende 2011 Europas gr\u00f6\u00dftes Photovoltaik-Kraftwerk. Es bedeckt eine Fl\u00e4che von rund 315 Hektar, kostete 178 Mio \u20ac und hat eine Leistung von insgesamt 84,7 MW. Einige Mutige nutzten die Gelegenheit, bei einem \u00dcberflug die Solaranlage von oben zu betrachten.<\/p>\n<p>Unter F\u00fchrung von Jens Lemme, Mitarbeiter des Eberswalders Informations-Centrums Holz und Erneuerbare Energien &#8211; E.I.C.H.E. e.V. &#8211; ging es zum neuer\u00f6ffneten Hermann-Scheer-Haus und zum Paul-Wunderlich-Haus in Eberswalde. Das Nullemissions-Geb\u00e4ude ist als Informations- und Beratungszentrum mit Technikausstellung und interaktiver Ausstellung konzipiert. Mit seiner Form, die an einen sich in der Sonne \u00f6ffnenden Kiefernzapfen erinnert, und den schuppenartig angeordneten hoch ged\u00e4mmten Wandelementen, entspricht das Geb\u00e4ude h\u00f6chsten \u00e4sthetischen und energetischen Anspr\u00fcchen. Die Fassadenl\u00f6sung aus 800 Quadratmeter thermisch behandeltem Eichenholz aus der Region ist ein Beispiel f\u00fcr nachhaltigen und langlebigen Holzbau im Au\u00dfenbereich.<\/p>\n<p>Mittagspause mit Eintopf. Danach ging es zum Paul-Wunderlich-Haus, das Dienstleistungs- und Verwaltungszentrum von Eberswalde. Es beherbergt eine der weltweit gr\u00f6\u00dften Ausstellungen des Malers, Zeichners, Bildhauers und Grafikers Paul Wunderlich. Das so genannte Nullemissionshaus nutzt Erdw\u00e4rme, besitzt eine Vakuumd\u00e4mmung und bezieht die Begr\u00fcnung des Innenhofes in das L\u00fcftungskonzept ein. Eine interne Wetterstation misst Temperatur, Niederschlag und Windverh\u00e4ltnisse und sendet die entsprechenden Befehle an die Haustechnik. In Hitzeperioden \u00f6ffnen sich Nachts automatisch einige Fenster und sorgen f\u00fcr Abk\u00fchlung.<\/p>\n<p>Und um 16.35 Uhr hie\u00df es: R\u00fcckfahrt nach Berlin vom Bahnhof Eberswalde<\/p>\n<div class=\"req-clearing-container\"><ul class=\" has-featured\" data-clearing><li><a href=\"https:\/\/solarverein-berlin.de\/wp-content\/uploads\/2013\/05\/IMG_1013.jpg\"><img decoding=\"async\" src=\"https:\/\/solarverein-berlin.de\/wp-content\/uploads\/2013\/05\/IMG_1013-640x426.jpg\" \/><\/a><\/li><li><a href=\"https:\/\/solarverein-berlin.de\/wp-content\/uploads\/2013\/05\/IMG_1015.jpg\"><img decoding=\"async\" src=\"https:\/\/solarverein-berlin.de\/wp-content\/uploads\/2013\/05\/IMG_1015-640x426.jpg\" \/><\/a><\/li><li><a href=\"https:\/\/solarverein-berlin.de\/wp-content\/uploads\/2013\/05\/IMG_1016.jpg\"><img decoding=\"async\" src=\"https:\/\/solarverein-berlin.de\/wp-content\/uploads\/2013\/05\/IMG_1016-640x426.jpg\" \/><\/a><\/li><li><a href=\"https:\/\/solarverein-berlin.de\/wp-content\/uploads\/2013\/05\/IMG_1017.jpg\"><img decoding=\"async\" src=\"https:\/\/solarverein-berlin.de\/wp-content\/uploads\/2013\/05\/IMG_1017-640x426.jpg\" \/><\/a><\/li><li><a href=\"https:\/\/solarverein-berlin.de\/wp-content\/uploads\/2013\/05\/IMG_1020.jpg\"><img decoding=\"async\" src=\"https:\/\/solarverein-berlin.de\/wp-content\/uploads\/2013\/05\/IMG_1020-640x426.jpg\" \/><\/a><\/li><li><a href=\"https:\/\/solarverein-berlin.de\/wp-content\/uploads\/2013\/05\/IMG_1021.jpg\"><img decoding=\"async\" src=\"https:\/\/solarverein-berlin.de\/wp-content\/uploads\/2013\/05\/IMG_1021-640x426.jpg\" \/><\/a><\/li><li><a href=\"https:\/\/solarverein-berlin.de\/wp-content\/uploads\/2013\/05\/IMG_1023.jpg\"><img decoding=\"async\" src=\"https:\/\/solarverein-berlin.de\/wp-content\/uploads\/2013\/05\/IMG_1023-640x426.jpg\" \/><\/a><\/li><li><a href=\"https:\/\/solarverein-berlin.de\/wp-content\/uploads\/2013\/05\/IMG_1026.jpg\"><img decoding=\"async\" src=\"https:\/\/solarverein-berlin.de\/wp-content\/uploads\/2013\/05\/IMG_1026-640x426.jpg\" \/><\/a><\/li><\/ul><\/div>\n<p><!--more--><\/p>\n<p style=\"text-align: left;\"><img loading=\"lazy\" decoding=\"async\" class=\"aligncenter  wp-image-738\" src=\"http:\/\/svbb.smuemd.de\/\/\/wp-content\/uploads\/2013\/05\/IMG_1057-640x426.jpg\" alt=\"IMG_1057\" width=\"640\" height=\"426\" srcset=\"https:\/\/solarverein-berlin.de\/wp-content\/uploads\/2013\/05\/IMG_1057-640x426.jpg 640w, https:\/\/solarverein-berlin.de\/wp-content\/uploads\/2013\/05\/IMG_1057-260x173.jpg 260w\" sizes=\"auto, (max-width: 640px) 100vw, 640px\" \/><\/p>\n<p>Flugzeug startklar zum Rundflug.<\/p>\n<p><img loading=\"lazy\" decoding=\"async\" class=\"aligncenter size-large wp-image-739\" src=\"http:\/\/svbb.smuemd.de\/\/\/wp-content\/uploads\/2013\/05\/IMG_1066-640x426.jpg\" alt=\"IMG_1066\" width=\"640\" height=\"426\" srcset=\"https:\/\/solarverein-berlin.de\/wp-content\/uploads\/2013\/05\/IMG_1066-640x426.jpg 640w, https:\/\/solarverein-berlin.de\/wp-content\/uploads\/2013\/05\/IMG_1066-260x173.jpg 260w\" sizes=\"auto, (max-width: 640px) 100vw, 640px\" \/><\/p>\n<p>Die Freifl\u00e4chenanlage von oben.<\/p>\n","protected":false},"excerpt":{"rendered":"<p>Bei wundersch\u00f6nem Wetter f\u00fchrte uns unsere neunte Fr\u00fchjahrstour in den Barnim im Norden von Berlin. Unser erstes Ziel war die gro\u00dfe Freifl\u00e4chen-Solaranlage in Finow. Auf dem Flugplatzgel\u00e4nde in unmittelbarer N\u00e4he zur Piste entstand unter dem Generalunternehmer Solarhybrid AG bis Ende <a class=\"read-more\" href=\"https:\/\/solarverein-berlin.de\/?p=1447\">&hellip; Weiterlesen &rarr;<\/a><\/p>\n","protected":false},"author":2,"featured_media":719,"comment_status":"closed","ping_status":"open","sticky":false,"template":"","format":"standard","meta":{"footnotes":""},"categories":[1,2,6],"tags":[],"class_list":["post-1447","post","type-post","status-publish","format-standard","has-post-thumbnail","hentry","category-aktuelles","category-energietouren","category-slideshow"],"_links":{"self":[{"href":"https:\/\/solarverein-berlin.de\/index.php?rest_route=\/wp\/v2\/posts\/1447","targetHints":{"allow":["GET"]}}],"collection":[{"href":"https:\/\/solarverein-berlin.de\/index.php?rest_route=\/wp\/v2\/posts"}],"about":[{"href":"https:\/\/solarverein-berlin.de\/index.php?rest_route=\/wp\/v2\/types\/post"}],"author":[{"embeddable":true,"href":"https:\/\/solarverein-berlin.de\/index.php?rest_route=\/wp\/v2\/users\/2"}],"replies":[{"embeddable":true,"href":"https:\/\/solarverein-berlin.de\/index.php?rest_route=%2Fwp%2Fv2%2Fcomments&post=1447"}],"version-history":[{"count":1,"href":"https:\/\/solarverein-berlin.de\/index.php?rest_route=\/wp\/v2\/posts\/1447\/revisions"}],"predecessor-version":[{"id":1612,"href":"https:\/\/solarverein-berlin.de\/index.php?rest_route=\/wp\/v2\/posts\/1447\/revisions\/1612"}],"wp:featuredmedia":[{"embeddable":true,"href":"https:\/\/solarverein-berlin.de\/index.php?rest_route=\/wp\/v2\/media\/719"}],"wp:attachment":[{"href":"https:\/\/solarverein-berlin.de\/index.php?rest_route=%2Fwp%2Fv2%2Fmedia&parent=1447"}],"wp:term":[{"taxonomy":"category","embeddable":true,"href":"https:\/\/solarverein-berlin.de\/index.php?rest_route=%2Fwp%2Fv2%2Fcategories&post=1447"},{"taxonomy":"post_tag","embeddable":true,"href":"https:\/\/solarverein-berlin.de\/index.php?rest_route=%2Fwp%2Fv2%2Ftags&post=1447"}],"curies":[{"name":"wp","href":"https:\/\/api.w.org\/{rel}","templated":true}]}}