{"id":1538,"date":"2014-11-06T11:01:12","date_gmt":"2014-11-06T09:01:12","guid":{"rendered":"http:\/\/solarverein-berlin.de\/?p=1538"},"modified":"2015-05-27T07:14:21","modified_gmt":"2015-05-27T05:14:21","slug":"die-neugestaltete-website-ist-online","status":"publish","type":"post","link":"https:\/\/solarverein-berlin.de\/?p=1538","title":{"rendered":"Die neu gestaltete Website ist online!"},"content":{"rendered":"<p>Was lange w\u00e4hrt, wird endlich gut!<\/p>\n<p>Wir haben es geschafft &#8211; die website des Solarvereins Berlin-Brandenburg e.V. ist am 5. November 2014 mit neuem Gesicht online gegangen. Stefan Thon hat die Vereinsseite mit &#8222;world-press&#8220; neu eingerichtet &#8211; wir danken ihm f\u00fcr die vielen ehrenamtlichen Arbeitsstunden! Im neuen Gewand ist eine flexiblere Zuarbeit m\u00f6glich, da mehrere Personen mit einem entsprechenden Zugang in der site arbeiten k\u00f6nnen.<br \/>\n<!--more--><\/p>\n<p>Wir freuen uns \u00fcber Kommentare, Vorschl\u00e4ge oder Fehlermeldungen!<\/p>\n<p>\u00dcber die Rubrik &#8222;Erneuerbare Energien in den Medien&#8220; wollen wir in Zukunft Meldungen zu aktuellen Themen zusammenfassen. Auch hierzu kann man gerne Vorschl\u00e4ge zusenden.<\/p>\n<p>&nbsp;<\/p>\n","protected":false},"excerpt":{"rendered":"<p>Was lange w\u00e4hrt, wird endlich gut! Wir haben es geschafft &#8211; die website des Solarvereins Berlin-Brandenburg e.V. ist am 5. November 2014 mit neuem Gesicht online gegangen. Stefan Thon hat die Vereinsseite mit &#8222;world-press&#8220; neu eingerichtet &#8211; wir danken ihm <a class=\"read-more\" href=\"https:\/\/solarverein-berlin.de\/?p=1538\">&hellip; Weiterlesen &rarr;<\/a><\/p>\n","protected":false},"author":2,"featured_media":0,"comment_status":"closed","ping_status":"open","sticky":false,"template":"","format":"standard","meta":{"footnotes":""},"categories":[1],"tags":[],"class_list":["post-1538","post","type-post","status-publish","format-standard","hentry","category-aktuelles"],"_links":{"self":[{"href":"https:\/\/solarverein-berlin.de\/index.php?rest_route=\/wp\/v2\/posts\/1538","targetHints":{"allow":["GET"]}}],"collection":[{"href":"https:\/\/solarverein-berlin.de\/index.php?rest_route=\/wp\/v2\/posts"}],"about":[{"href":"https:\/\/solarverein-berlin.de\/index.php?rest_route=\/wp\/v2\/types\/post"}],"author":[{"embeddable":true,"href":"https:\/\/solarverein-berlin.de\/index.php?rest_route=\/wp\/v2\/users\/2"}],"replies":[{"embeddable":true,"href":"https:\/\/solarverein-berlin.de\/index.php?rest_route=%2Fwp%2Fv2%2Fcomments&post=1538"}],"version-history":[{"count":5,"href":"https:\/\/solarverein-berlin.de\/index.php?rest_route=\/wp\/v2\/posts\/1538\/revisions"}],"predecessor-version":[{"id":1570,"href":"https:\/\/solarverein-berlin.de\/index.php?rest_route=\/wp\/v2\/posts\/1538\/revisions\/1570"}],"wp:attachment":[{"href":"https:\/\/solarverein-berlin.de\/index.php?rest_route=%2Fwp%2Fv2%2Fmedia&parent=1538"}],"wp:term":[{"taxonomy":"category","embeddable":true,"href":"https:\/\/solarverein-berlin.de\/index.php?rest_route=%2Fwp%2Fv2%2Fcategories&post=1538"},{"taxonomy":"post_tag","embeddable":true,"href":"https:\/\/solarverein-berlin.de\/index.php?rest_route=%2Fwp%2Fv2%2Ftags&post=1538"}],"curies":[{"name":"wp","href":"https:\/\/api.w.org\/{rel}","templated":true}]}}