{"id":1680,"date":"2015-02-11T22:57:53","date_gmt":"2015-02-11T20:57:53","guid":{"rendered":"http:\/\/solarverein-berlin.de\/?p=1680"},"modified":"2015-05-27T07:14:21","modified_gmt":"2015-05-27T05:14:21","slug":"wie-rechnen-sich-pv-anlagen-durch-den-eigenverbrauchsanteil","status":"publish","type":"post","link":"https:\/\/solarverein-berlin.de\/?p=1680","title":{"rendered":"Wie rechnen sich PV-Anlagen durch den Eigenverbrauchsanteil?"},"content":{"rendered":"<p>Vortrag am 21.01.2015, Arbeitstreffen Solarverein B-B.<br \/>\nIm Rahmen eines Arbeitstreffens hielt Dipl.-Ing. Udo Siegfriedt von der <a href=\"http:\/\/www.dgs-berlin.de\/de\/startseite.html\" title=\"DGS Berlin-Brandenburg\" target=\"_blank\">DGS<\/a> (Deutsche Gesellschaft f\u00fcr Sonnenenergie, Landesverband Berlin Brandenburg e.V.) einen Vortrag zu den aktuellen Rahmenbedingungen f\u00fcr Investitionen in Photovoltaik-Anlagen mit hohem Eigenverbrauchsanteil.<br \/>\nW\u00e4hrend fr\u00fcher der Stromabsatz \u00fcber die Einspeiseverg\u00fctung die \u201cnormale\u201d Verwertung gewesen sei, m\u00fcsse dies seit dem EEG 14 des vergangenen Jahres die Direktvermarktung darstellen. <!--more--><\/p>\n<p>Schon seit dem Jahr 2012 sei der Eigenverbrauch wirtschaftlicher als der Stromkauf aus dem Netz geworden. Die Eigenverbrauchsquote beinhalte einen erheblichen Unsicherheitsfaktor wegen der notwendigen zeitlich \u00dcbereinstimmung von Stromproduktion und \u2013verbrauch. Speicher gebe es zwar inzwischen, diese seien jedoch lediglich f\u00fcr kurze Speicherzeiten von Minuten oder h\u00f6chstens wenige Stunden wirtschaftlich.<br \/>\nF\u00fcr Investoren (wie Errichter von B\u00fcrgersolaranlagen) stelle die Vermietung von Einzelkomponenten einer PV-Anlagen eine M\u00f6glichkeit dar, wobei der Mieter sowohl Nutzer als auch Betreiber werden m\u00fcsse. Bei Eigeninitiativen in Hausgemeinschaften muss bedacht werden, dass durch doppelte Z\u00e4hler Eigenverbrauch\/Einspeisung der verschiedenen Parteien Kosten entstehen. Wenn die \u00fcberwiegende Anzahl der Eigent\u00fcmer tags\u00fcber arbeitet, wird nicht genug Eigenstrom verbraucht &#8211; es muss trotzdem eine Netzgeb\u00fchr von ca 8 cent pro kWh gezahlt werden.<br \/>\nHerr Siegfriedt wies weiter darauf hin, dass der DGS Berlin-Brandenburg Informationen in Form von Brosch\u00fcren oder Seminaren, aber auch Hilfe vor Ort anbietet.<\/p>\n","protected":false},"excerpt":{"rendered":"<p>Vortrag am 21.01.2015, Arbeitstreffen Solarverein B-B. Im Rahmen eines Arbeitstreffens hielt Dipl.-Ing. Udo Siegfriedt von der DGS (Deutsche Gesellschaft f\u00fcr Sonnenenergie, Landesverband Berlin Brandenburg e.V.) einen Vortrag zu den aktuellen Rahmenbedingungen f\u00fcr Investitionen in Photovoltaik-Anlagen mit hohem Eigenverbrauchsanteil. W\u00e4hrend fr\u00fcher <a class=\"read-more\" href=\"https:\/\/solarverein-berlin.de\/?p=1680\">&hellip; Weiterlesen &rarr;<\/a><\/p>\n","protected":false},"author":2,"featured_media":0,"comment_status":"closed","ping_status":"open","sticky":false,"template":"","format":"standard","meta":{"footnotes":""},"categories":[1],"tags":[],"class_list":["post-1680","post","type-post","status-publish","format-standard","hentry","category-aktuelles"],"_links":{"self":[{"href":"https:\/\/solarverein-berlin.de\/index.php?rest_route=\/wp\/v2\/posts\/1680","targetHints":{"allow":["GET"]}}],"collection":[{"href":"https:\/\/solarverein-berlin.de\/index.php?rest_route=\/wp\/v2\/posts"}],"about":[{"href":"https:\/\/solarverein-berlin.de\/index.php?rest_route=\/wp\/v2\/types\/post"}],"author":[{"embeddable":true,"href":"https:\/\/solarverein-berlin.de\/index.php?rest_route=\/wp\/v2\/users\/2"}],"replies":[{"embeddable":true,"href":"https:\/\/solarverein-berlin.de\/index.php?rest_route=%2Fwp%2Fv2%2Fcomments&post=1680"}],"version-history":[{"count":5,"href":"https:\/\/solarverein-berlin.de\/index.php?rest_route=\/wp\/v2\/posts\/1680\/revisions"}],"predecessor-version":[{"id":1686,"href":"https:\/\/solarverein-berlin.de\/index.php?rest_route=\/wp\/v2\/posts\/1680\/revisions\/1686"}],"wp:attachment":[{"href":"https:\/\/solarverein-berlin.de\/index.php?rest_route=%2Fwp%2Fv2%2Fmedia&parent=1680"}],"wp:term":[{"taxonomy":"category","embeddable":true,"href":"https:\/\/solarverein-berlin.de\/index.php?rest_route=%2Fwp%2Fv2%2Fcategories&post=1680"},{"taxonomy":"post_tag","embeddable":true,"href":"https:\/\/solarverein-berlin.de\/index.php?rest_route=%2Fwp%2Fv2%2Ftags&post=1680"}],"curies":[{"name":"wp","href":"https:\/\/api.w.org\/{rel}","templated":true}]}}