{"id":373,"date":"2011-05-20T13:00:16","date_gmt":"2011-05-20T13:00:16","guid":{"rendered":"http:\/\/mysparky.org\/solarverein\/?p=373"},"modified":"2015-05-27T07:14:22","modified_gmt":"2015-05-27T05:14:22","slug":"tour-2011-energieautarkes-feldheim","status":"publish","type":"post","link":"https:\/\/solarverein-berlin.de\/?p=373","title":{"rendered":"Tour 2011 \u201eEnergieautarkes Feldheim\u201c"},"content":{"rendered":"<h5>Fahrradtour im Rahmen der Woche der Sonne am 14. Mai 2011 zu nachhaltigen und regenerativen Zielen<\/h5>\n<p>Unsere 7. Fr\u00fchjahrstour f\u00fchrte uns diesmal in den S\u00fcdwesten von Berlin ins energieautarke Dorf Feldheim (http:\/\/www.neue-energien-forum-feldheim.de).<\/p>\n<p style=\"text-align: center;\">\n<img loading=\"lazy\" decoding=\"async\" class=\"aligncenter size-full wp-image-974\" alt=\"Energietour 2011\" src=\"http:\/\/svbb.smuemd.de\/\/\/wp-content\/uploads\/2011\/05\/Energietour-2011.jpg\" width=\"336\" height=\"600\" srcset=\"https:\/\/solarverein-berlin.de\/wp-content\/uploads\/2011\/05\/Energietour-2011.jpg 336w, https:\/\/solarverein-berlin.de\/wp-content\/uploads\/2011\/05\/Energietour-2011-260x464.jpg 260w\" sizes=\"auto, (max-width: 336px) 100vw, 336px\" \/><\/p>\n<p><!--more--><\/p>\n<p>Im Ortsteil Feldheim der brandenburgischen Stadt Treuenbrietzen wurde eines der spektakul\u00e4rsten Gesamtkonzepte f\u00fcr eine dezentrale regenerative Energieversorgung von Unternehmen, Privathaushalten und Kommunen verwirklicht. Der Erfolg dieses Projektes ist der guten und partnerschaftlichen Zusammenarbeit zwischen der Stadt Treuenbrietzen, den Anwohnern des Ortsteils und dem Projektentwickler Energiequelle GmbH zu verdanken.<\/p>\n<p>Nach Ankunft in Feldheim und anschlie\u00dfendem Imbiss im Informationszentrum stellten die Ortsvorsteherin Frau Richter, der Verwaltungsleiter beim Landkreis Potsdam-Mittelmark Herr Lorenz sowie Herr Herbst von der Agrargenossenschaft &#8222;Fl\u00e4ming&#8220; eG Feldheim das ehrgeizige und zukunftsweisende Projekt mit 43 Windkraftanlagen, einer Photovoltaik-Freilandanlage, einer Biogasanlage, einem Holzschnitzel-Heizwerk und einer Fernw\u00e4rmeversorgung f\u00fcr das Dorf Feldheim vor.<\/p>\n<p>Anschlie\u00dfend besichtigten die 15 Teilnehmer der Radtour die Biogasanlage bei vollem Betrieb. Die R\u00fcckfahrt zum Bhf. Treuenbrietzen verlief entspannt bergab &#8211; der Umweltinitiative von Feldheim w\u00fcnschen wir, dass es weiterhin so erfolgreich bergauf geht!<\/p>\n","protected":false},"excerpt":{"rendered":"<p>Fahrradtour im Rahmen der Woche der Sonne am 14. Mai 2011 zu nachhaltigen und regenerativen Zielen Unsere 7. Fr\u00fchjahrstour f\u00fchrte uns diesmal in den S\u00fcdwesten von Berlin ins energieautarke Dorf Feldheim (http:\/\/www.neue-energien-forum-feldheim.de).<\/p>\n","protected":false},"author":2,"featured_media":0,"comment_status":"closed","ping_status":"open","sticky":false,"template":"","format":"standard","meta":{"footnotes":""},"categories":[1,2],"tags":[],"class_list":["post-373","post","type-post","status-publish","format-standard","hentry","category-aktuelles","category-energietouren"],"_links":{"self":[{"href":"https:\/\/solarverein-berlin.de\/index.php?rest_route=\/wp\/v2\/posts\/373","targetHints":{"allow":["GET"]}}],"collection":[{"href":"https:\/\/solarverein-berlin.de\/index.php?rest_route=\/wp\/v2\/posts"}],"about":[{"href":"https:\/\/solarverein-berlin.de\/index.php?rest_route=\/wp\/v2\/types\/post"}],"author":[{"embeddable":true,"href":"https:\/\/solarverein-berlin.de\/index.php?rest_route=\/wp\/v2\/users\/2"}],"replies":[{"embeddable":true,"href":"https:\/\/solarverein-berlin.de\/index.php?rest_route=%2Fwp%2Fv2%2Fcomments&post=373"}],"version-history":[{"count":1,"href":"https:\/\/solarverein-berlin.de\/index.php?rest_route=\/wp\/v2\/posts\/373\/revisions"}],"predecessor-version":[{"id":1615,"href":"https:\/\/solarverein-berlin.de\/index.php?rest_route=\/wp\/v2\/posts\/373\/revisions\/1615"}],"wp:attachment":[{"href":"https:\/\/solarverein-berlin.de\/index.php?rest_route=%2Fwp%2Fv2%2Fmedia&parent=373"}],"wp:term":[{"taxonomy":"category","embeddable":true,"href":"https:\/\/solarverein-berlin.de\/index.php?rest_route=%2Fwp%2Fv2%2Fcategories&post=373"},{"taxonomy":"post_tag","embeddable":true,"href":"https:\/\/solarverein-berlin.de\/index.php?rest_route=%2Fwp%2Fv2%2Ftags&post=373"}],"curies":[{"name":"wp","href":"https:\/\/api.w.org\/{rel}","templated":true}]}}