{"id":377,"date":"2010-05-15T12:54:57","date_gmt":"2010-05-15T12:54:57","guid":{"rendered":"http:\/\/mysparky.org\/solarverein\/?p=377"},"modified":"2015-05-27T07:14:22","modified_gmt":"2015-05-27T05:14:22","slug":"tour-2010-regenerativen-zielen-im-ruppiner-land","status":"publish","type":"post","link":"https:\/\/solarverein-berlin.de\/?p=377","title":{"rendered":"Tour 2010 &#8222;Regenerative Ziele im Ruppiner Land&#8220;"},"content":{"rendered":"<h4>Erlebnisreiche Radtour im Rahmen der Woche der Sonne<\/h4>\n<p>25 Radlerinnen und Radler machten sich am Samstag, d. 8.5.2010, auf den Weg zu einer 30 km langen \u201cFahrradtour zu nachhaltigen und regenerativen Zielen durch das Ruppiner Land\u201d.<\/p>\n<p><img loading=\"lazy\" decoding=\"async\" class=\"size-large wp-image-998 aligncenter\" alt=\"Energietour 2010 h\" src=\"http:\/\/svbb.smuemd.de\/\/\/wp-content\/uploads\/2010\/05\/Energietour-2010-h-640x480.jpg\" width=\"640\" height=\"480\" srcset=\"https:\/\/solarverein-berlin.de\/wp-content\/uploads\/2010\/05\/Energietour-2010-h-640x480.jpg 640w, https:\/\/solarverein-berlin.de\/wp-content\/uploads\/2010\/05\/Energietour-2010-h-260x195.jpg 260w, https:\/\/solarverein-berlin.de\/wp-content\/uploads\/2010\/05\/Energietour-2010-h.jpg 1024w\" sizes=\"auto, (max-width: 640px) 100vw, 640px\" \/><br \/>\n<!--more--><br \/>\nStart war um 10.35 Uhr am Bahnhof Walsleben. Es galt vor allem die dreigeteilte 9. B\u00fcrgersolaranlage des Solarvereins Berlin-Brandenburg anzufahren und die Infotafeln an den drei Standorten zu enth\u00fcllen. Im Amt Friesack empfing Bauamtsleiter Pieper die Radler bei ihrem ersten Halt. Besucher im Amt Temnitz k\u00f6nnen sich von nun an einem Datendisplay \u00fcber den \u201cSonnenertrag\u201d der Photovoltaikanlage informieren und Details zur Idee \u201cB\u00fcrgersolaranlage\u201d auf der Infotafel erfahren.<\/p>\n<p style=\"text-align: center;\"><img decoding=\"async\" class=\" wp-image-999 aligncenter\" alt=\"Energietour 2010 g\" src=\"http:\/\/svbb.smuemd.de\/\/\/wp-content\/uploads\/2010\/05\/Energietour-2010-g-640x505.jpg\" width=\"420\" srcset=\"https:\/\/solarverein-berlin.de\/wp-content\/uploads\/2010\/05\/Energietour-2010-g-640x505.jpg 640w, https:\/\/solarverein-berlin.de\/wp-content\/uploads\/2010\/05\/Energietour-2010-g-260x205.jpg 260w, https:\/\/solarverein-berlin.de\/wp-content\/uploads\/2010\/05\/Energietour-2010-g.jpg 1024w\" sizes=\"(max-width: 640px) 100vw, 640px\" \/><\/p>\n<p>Weiter ging es nach Manker zum 2. Teil der Anlage bei Familie Oberland, mit Mittagspause mit Kuhhorster Bratwurst. Auch in Kuhhorst hat der Solarverein eine B\u00fcrgersolaranlage errichtet \u2013 so war die Verbindung hergestellt.<\/p>\n<div class=\"req-clearing-container\"><ul class=\" has-featured\" data-clearing><li><a href=\"https:\/\/solarverein-berlin.de\/wp-content\/uploads\/2010\/05\/Energietour-2010-d.jpg\"><img decoding=\"async\" src=\"https:\/\/solarverein-berlin.de\/wp-content\/uploads\/2010\/05\/Energietour-2010-d-640x426.jpg\" \/><\/a><\/li><li><a href=\"https:\/\/solarverein-berlin.de\/wp-content\/uploads\/2010\/05\/Energietour-2010-c.jpg\"><img decoding=\"async\" src=\"https:\/\/solarverein-berlin.de\/wp-content\/uploads\/2010\/05\/Energietour-2010-c-640x426.jpg\" \/><\/a><\/li><li><a href=\"https:\/\/solarverein-berlin.de\/wp-content\/uploads\/2010\/05\/Energietour-2010-b.jpg\"><img decoding=\"async\" src=\"https:\/\/solarverein-berlin.de\/wp-content\/uploads\/2010\/05\/Energietour-2010-b-640x426.jpg\" \/><\/a><\/li><li><a href=\"https:\/\/solarverein-berlin.de\/wp-content\/uploads\/2010\/05\/Energietour-2010-a.jpg\"><img decoding=\"async\" src=\"https:\/\/solarverein-berlin.de\/wp-content\/uploads\/2010\/05\/Energietour-2010-a-640x426.jpg\" \/><\/a><\/li><\/ul><\/div>\n<p>Die letzte Etappe ging, mit Kaffeepause im Schloss Vichel, durch das Rhinluch in Richtung Bahnhof Friesack\/Mark. Als die Radler \u2013 haupts\u00e4chlich Berliner \u2013 um 17.50 Uhr in den Zug stiegen, waren sich alle einig: man hatte viel \u00fcber Lebensbedingungen, erneuerbare Energien, Landwirtschaft und Naturschutz erfahren und die Sch\u00f6nheit des Ruppiner Landes kennengelernt \u2013 und es war ein wundersch\u00f6ner Tag!<\/p>\n","protected":false},"excerpt":{"rendered":"<p>Erlebnisreiche Radtour im Rahmen der Woche der Sonne 25 Radlerinnen und Radler machten sich am Samstag, d. 8.5.2010, auf den Weg zu einer 30 km langen \u201cFahrradtour zu nachhaltigen und regenerativen Zielen durch das Ruppiner Land\u201d.<\/p>\n","protected":false},"author":2,"featured_media":0,"comment_status":"closed","ping_status":"closed","sticky":false,"template":"","format":"standard","meta":{"footnotes":""},"categories":[1,2],"tags":[],"class_list":["post-377","post","type-post","status-publish","format-standard","hentry","category-aktuelles","category-energietouren"],"_links":{"self":[{"href":"https:\/\/solarverein-berlin.de\/index.php?rest_route=\/wp\/v2\/posts\/377","targetHints":{"allow":["GET"]}}],"collection":[{"href":"https:\/\/solarverein-berlin.de\/index.php?rest_route=\/wp\/v2\/posts"}],"about":[{"href":"https:\/\/solarverein-berlin.de\/index.php?rest_route=\/wp\/v2\/types\/post"}],"author":[{"embeddable":true,"href":"https:\/\/solarverein-berlin.de\/index.php?rest_route=\/wp\/v2\/users\/2"}],"replies":[{"embeddable":true,"href":"https:\/\/solarverein-berlin.de\/index.php?rest_route=%2Fwp%2Fv2%2Fcomments&post=377"}],"version-history":[{"count":1,"href":"https:\/\/solarverein-berlin.de\/index.php?rest_route=\/wp\/v2\/posts\/377\/revisions"}],"predecessor-version":[{"id":1617,"href":"https:\/\/solarverein-berlin.de\/index.php?rest_route=\/wp\/v2\/posts\/377\/revisions\/1617"}],"wp:attachment":[{"href":"https:\/\/solarverein-berlin.de\/index.php?rest_route=%2Fwp%2Fv2%2Fmedia&parent=377"}],"wp:term":[{"taxonomy":"category","embeddable":true,"href":"https:\/\/solarverein-berlin.de\/index.php?rest_route=%2Fwp%2Fv2%2Fcategories&post=377"},{"taxonomy":"post_tag","embeddable":true,"href":"https:\/\/solarverein-berlin.de\/index.php?rest_route=%2Fwp%2Fv2%2Ftags&post=377"}],"curies":[{"name":"wp","href":"https:\/\/api.w.org\/{rel}","templated":true}]}}