{"id":391,"date":"2012-05-15T16:18:58","date_gmt":"2012-05-15T16:18:58","guid":{"rendered":"http:\/\/mysparky.org\/solarverein\/?p=391"},"modified":"2015-05-27T07:14:22","modified_gmt":"2015-05-27T05:14:22","slug":"tour-2012-rund-um-die-wuhlheide","status":"publish","type":"post","link":"https:\/\/solarverein-berlin.de\/?p=391","title":{"rendered":"Tour 2012 &#8222;Rund um die Wuhlheide&#8220;"},"content":{"rendered":"<p>Die Fahrradtour am 12. Mai 2012 anl\u00e4sslich der \u201cWoche de Sonne\u201d war rundum gelungen. Das Wetter spielte mit, und die 30 TeilnehmerInnen bekamen einen interessanten Mix aus Informationen und sch\u00f6nen Radlerstrecken geboten.<br \/>\n<img loading=\"lazy\" decoding=\"async\" src=\"http:\/\/svbb.smuemd.de\/\/\/wp-content\/uploads\/2012\/05\/Energietour-2012-b-640x480.jpg\" alt=\"My beautiful picture\" width=\"640\" height=\"480\" class=\"aligncenter size-large wp-image-981\" srcset=\"https:\/\/solarverein-berlin.de\/wp-content\/uploads\/2012\/05\/Energietour-2012-b-640x480.jpg 640w, https:\/\/solarverein-berlin.de\/wp-content\/uploads\/2012\/05\/Energietour-2012-b-260x195.jpg 260w, https:\/\/solarverein-berlin.de\/wp-content\/uploads\/2012\/05\/Energietour-2012-b.jpg 1024w\" sizes=\"auto, (max-width: 640px) 100vw, 640px\" \/><br \/>\n<!--more--><br \/>\n<div class=\"req-clearing-container\"><ul class=\" has-featured\" data-clearing><li><a href=\"https:\/\/solarverein-berlin.de\/wp-content\/uploads\/2012\/05\/Energietour-2012-f.jpg\"><img decoding=\"async\" src=\"https:\/\/solarverein-berlin.de\/wp-content\/uploads\/2012\/05\/Energietour-2012-f-640x480.jpg\" \/><\/a><\/li><li><a href=\"https:\/\/solarverein-berlin.de\/wp-content\/uploads\/2012\/05\/Energietour-2012-b.jpg\"><img decoding=\"async\" src=\"https:\/\/solarverein-berlin.de\/wp-content\/uploads\/2012\/05\/Energietour-2012-b-640x480.jpg\" \/><\/a><\/li><li><a href=\"https:\/\/solarverein-berlin.de\/wp-content\/uploads\/2012\/05\/Energietour-2012-c.jpg\"><img decoding=\"async\" src=\"https:\/\/solarverein-berlin.de\/wp-content\/uploads\/2012\/05\/Energietour-2012-c-640x853.jpg\" \/><\/a><\/li><\/ul><\/div>\n<p>Jonathan Amme und J\u00f6rg Benesch, Wissenschaftliche Mitarbeiter der Hochschule f\u00fcr Technik und Wirtschaft Berlin (HTW), gaben Auskunft zum Projekt \u201eKleinwindanlagen\u201c http:\/\/kleinwind.htw-berlin.de. und zum energieautarken \u201eLiving Equia\u201c-Haus http:\/\/www.living-equia.com. Fazit: wer eine Kleinwindanlage auf dem eigenen Dach oder im Garten aufbauen m\u00f6chte, sollte noch warten. Zu hohe Preise im Vergleich zum Energieertrag, zu viele verschiedene Modelle, unklare gesetzliche Regelungen \u2013 aber die Photovoltaik hat es gezeigt \u2013 bei steigender Nachfrage und intensiver Forschung kann sich dies ganz schnell \u00e4ndern.<\/p>\n<p>Weiter ging es in die Wuhlheide. Wer den 120 ha gro\u00dfen Waldpark noch nicht kannte, war erstaunt, wie vielf\u00e4ltig die Angebote dort besonders f\u00fcr Kinder sind und erfreut, welch hohen Stellenwert die Umweltbildung hat. Das Haus Natur und Umwelt und das Kinderparadies FEZ sind lohnende Ausflugsziele f\u00fcr die ganze Familie. Frau Kulla f\u00fchrte uns durch die \u201c\u00d6koinsel\u201d mit Gew\u00e4chshaus, \u00d6kogarten und Solaranlage und berichtete \u00fcber die gute Arbeit und die finanziellen Sorgen.<\/p>\n<p>Hier ein Auszug aus der website http:\/\/www.fez-berlin.de: Das FEZ-Berlin ist Europas gr\u00f6\u00dftes gemeinn\u00fctziges Kinder-, Jugend- und Familienzentrum, umgeben von einem der sch\u00f6nsten und gr\u00f6\u00dften Waldparks Berlins. Es bietet kreatives Spiel, Spa\u00df und Erholung und vereint in seinem Programm Bildung, Erlebnis und Kultur. Einzigartig sind die inhaltlichen Angebote zu den Themen Globales Lernen, Nachhaltige Entwicklung, Kultur, Lebensweise, \u00d6kologie, Technik, Raumfahrt, Spiel- und Bewegungsp\u00e4dagogik, Internationale Begegnungen.<\/p>\n<p>Und wer dieses Jahr nicht mitfahren konnte, keine Sorge \u2013 im n\u00e4chsten Jahr heisst es nat\u00fcrlich wieder \u201cFahrradtour in der \u201cWoche der Sonne\u201d zu nachhaltigen und regenerativen Zielen\u201d.<\/p>\n","protected":false},"excerpt":{"rendered":"<p>Die Fahrradtour am 12. Mai 2012 anl\u00e4sslich der \u201cWoche de Sonne\u201d war rundum gelungen. Das Wetter spielte mit, und die 30 TeilnehmerInnen bekamen einen interessanten Mix aus Informationen und sch\u00f6nen Radlerstrecken geboten.<\/p>\n","protected":false},"author":2,"featured_media":0,"comment_status":"closed","ping_status":"closed","sticky":false,"template":"","format":"standard","meta":{"footnotes":""},"categories":[1,2],"tags":[],"class_list":["post-391","post","type-post","status-publish","format-standard","hentry","category-aktuelles","category-energietouren"],"_links":{"self":[{"href":"https:\/\/solarverein-berlin.de\/index.php?rest_route=\/wp\/v2\/posts\/391","targetHints":{"allow":["GET"]}}],"collection":[{"href":"https:\/\/solarverein-berlin.de\/index.php?rest_route=\/wp\/v2\/posts"}],"about":[{"href":"https:\/\/solarverein-berlin.de\/index.php?rest_route=\/wp\/v2\/types\/post"}],"author":[{"embeddable":true,"href":"https:\/\/solarverein-berlin.de\/index.php?rest_route=\/wp\/v2\/users\/2"}],"replies":[{"embeddable":true,"href":"https:\/\/solarverein-berlin.de\/index.php?rest_route=%2Fwp%2Fv2%2Fcomments&post=391"}],"version-history":[{"count":1,"href":"https:\/\/solarverein-berlin.de\/index.php?rest_route=\/wp\/v2\/posts\/391\/revisions"}],"predecessor-version":[{"id":1613,"href":"https:\/\/solarverein-berlin.de\/index.php?rest_route=\/wp\/v2\/posts\/391\/revisions\/1613"}],"wp:attachment":[{"href":"https:\/\/solarverein-berlin.de\/index.php?rest_route=%2Fwp%2Fv2%2Fmedia&parent=391"}],"wp:term":[{"taxonomy":"category","embeddable":true,"href":"https:\/\/solarverein-berlin.de\/index.php?rest_route=%2Fwp%2Fv2%2Fcategories&post=391"},{"taxonomy":"post_tag","embeddable":true,"href":"https:\/\/solarverein-berlin.de\/index.php?rest_route=%2Fwp%2Fv2%2Ftags&post=391"}],"curies":[{"name":"wp","href":"https:\/\/api.w.org\/{rel}","templated":true}]}}