{"id":406,"date":"2008-05-03T11:55:09","date_gmt":"2008-05-03T09:55:09","guid":{"rendered":"http:\/\/mysparky.org\/solarverein\/?p=406"},"modified":"2015-05-27T07:14:22","modified_gmt":"2015-05-27T05:14:22","slug":"tour-2008-nach-brandenburg-an-der-havel","status":"publish","type":"post","link":"https:\/\/solarverein-berlin.de\/?p=406","title":{"rendered":"Tour 2008 nach Brandenburg an der Havel"},"content":{"rendered":"<p style=\"text-align: center;\"><img loading=\"lazy\" decoding=\"async\" class=\"alignnone size-large wp-image-1065\" alt=\"My beautiful picture\" src=\"http:\/\/svbb.smuemd.de\/\/\/wp-content\/uploads\/2008\/05\/Energietour-2008-e-640x480.jpg\" width=\"640\" height=\"480\" srcset=\"https:\/\/solarverein-berlin.de\/wp-content\/uploads\/2008\/05\/Energietour-2008-e-640x480.jpg 640w, https:\/\/solarverein-berlin.de\/wp-content\/uploads\/2008\/05\/Energietour-2008-e-260x195.jpg 260w, https:\/\/solarverein-berlin.de\/wp-content\/uploads\/2008\/05\/Energietour-2008-e.jpg 1024w\" sizes=\"auto, (max-width: 640px) 100vw, 640px\" \/><\/p>\n<p>Mehr als 50 \u201cenergiegeladene\u201d Menschen machten sich am Samstag, dem 29.04.2008, auf den Weg nach Brandenburg\/Havel, um gemeinsam den \u201cTag der Erneuerbaren Energien\u201d zu begehen.<\/p>\n<p>Der Solarverein Berlin-Brandenburg hatte zusammen mit der Brandenburger B\u00fcrgersolar-GbR eine Besichtigungstour zu energetischen Punkten organisiert.<br \/>\n<!--more--><\/p>\n<p>Energiebewusst erfolgte die Anreise per Bahn, dann ging es weiter mit dem Fahrrad.<\/p>\n<p style=\"text-align: center;\"><img decoding=\"async\" class=\"alignnone size-large wp-image-1058\" alt=\"Energietour 2008 i\" src=\"http:\/\/svbb.smuemd.de\/\/\/wp-content\/uploads\/2008\/05\/Energietour-2008-i-640x480.jpg\" width=\"490\" srcset=\"https:\/\/solarverein-berlin.de\/wp-content\/uploads\/2008\/05\/Energietour-2008-i-640x480.jpg 640w, https:\/\/solarverein-berlin.de\/wp-content\/uploads\/2008\/05\/Energietour-2008-i-260x195.jpg 260w, https:\/\/solarverein-berlin.de\/wp-content\/uploads\/2008\/05\/Energietour-2008-i.jpg 1024w\" sizes=\"(max-width: 640px) 100vw, 640px\" \/><\/p>\n<p>Erstes Ziel war der Brandenburger DOM \u2013 vorbei am Paulikloster. Nach einer Begr\u00fc\u00dfung spielte KMD Herr M. Passauer einige St\u00fccke auf der Wagnerorgel.<\/p>\n<div class=\"req-clearing-container\"><ul class=\" has-featured\" data-clearing><li><a href=\"https:\/\/solarverein-berlin.de\/wp-content\/uploads\/2008\/05\/Energietour-2008-h.jpg\"><img decoding=\"async\" src=\"https:\/\/solarverein-berlin.de\/wp-content\/uploads\/2008\/05\/Energietour-2008-h-640x480.jpg\" \/><\/a><\/li><li><a href=\"https:\/\/solarverein-berlin.de\/wp-content\/uploads\/2008\/05\/Energietour-2008-g.jpg\"><img decoding=\"async\" src=\"https:\/\/solarverein-berlin.de\/wp-content\/uploads\/2008\/05\/Energietour-2008-g-640x480.jpg\" \/><\/a><\/li><li><a href=\"https:\/\/solarverein-berlin.de\/wp-content\/uploads\/2008\/05\/Energietour-2008-b.jpg\"><img decoding=\"async\" src=\"https:\/\/solarverein-berlin.de\/wp-content\/uploads\/2008\/05\/Energietour-2008-b-640x480.jpg\" \/><\/a><\/li><li><a href=\"https:\/\/solarverein-berlin.de\/wp-content\/uploads\/2008\/05\/Energietour-2008-a.jpg\"><img decoding=\"async\" src=\"https:\/\/solarverein-berlin.de\/wp-content\/uploads\/2008\/05\/Energietour-2008-a-640x480.jpg\" \/><\/a><\/li><li><a href=\"https:\/\/solarverein-berlin.de\/wp-content\/uploads\/2008\/05\/Energietour-2008-c.jpg\"><img decoding=\"async\" src=\"https:\/\/solarverein-berlin.de\/wp-content\/uploads\/2008\/05\/Energietour-2008-c-640x480.jpg\" \/><\/a><\/li><li><a href=\"https:\/\/solarverein-berlin.de\/wp-content\/uploads\/2008\/05\/Energietour-2008-d.jpg\"><img decoding=\"async\" src=\"https:\/\/solarverein-berlin.de\/wp-content\/uploads\/2008\/05\/Energietour-2008-d-640x480.jpg\" \/><\/a><\/li><li><a href=\"https:\/\/solarverein-berlin.de\/wp-content\/uploads\/2008\/05\/Energietour-2008-e.jpg\"><img decoding=\"async\" src=\"https:\/\/solarverein-berlin.de\/wp-content\/uploads\/2008\/05\/Energietour-2008-e-640x480.jpg\" \/><\/a><\/li><li><a href=\"https:\/\/solarverein-berlin.de\/wp-content\/uploads\/2008\/05\/Energietour-2008-f.jpg\"><img decoding=\"async\" src=\"https:\/\/solarverein-berlin.de\/wp-content\/uploads\/2008\/05\/Energietour-2008-f.jpg\" \/><\/a><\/li><\/ul><\/div>\n<p>Es folgte eine Kurzvisite des Hackschnitzelheizwerkes vom DOM-Komplex. Weiter ging die Fahrt vorbei an der 1. B\u00fcrgersolaranlage und zum Heizkraftwerk (KWK) der St\u00e4dtischen Werke. Dort gab es eine Besichtigung mit fachlicher Begleitung sowie einen kleine Imbiss.<\/p>\n<p>Anschlie\u00dfend besichtigte man das Solarwerk \u201eJohanna Solarfabrik\u201c, dass im Herbst in die Produktion von D\u00fcnnschichtmodulen geht.<\/p>\n<p>Den Abschluss bildete eine Fahrt mit dem Dampfer.<\/p>\n<p>Gut gelaunt machte man sich nach dem sch\u00f6nen von der Sonne beschienenen Tag um 16.00 Uhr auf die Heimfahrt mit der Bahn.<\/p>\n","protected":false},"excerpt":{"rendered":"<p>Mehr als 50 \u201cenergiegeladene\u201d Menschen machten sich am Samstag, dem 29.04.2008, auf den Weg nach Brandenburg\/Havel, um gemeinsam den \u201cTag der Erneuerbaren Energien\u201d zu begehen. Der Solarverein Berlin-Brandenburg hatte zusammen mit der Brandenburger B\u00fcrgersolar-GbR eine Besichtigungstour zu energetischen Punkten organisiert.<\/p>\n","protected":false},"author":2,"featured_media":0,"comment_status":"closed","ping_status":"open","sticky":false,"template":"","format":"standard","meta":{"footnotes":""},"categories":[1,2,5],"tags":[],"class_list":["post-406","post","type-post","status-publish","format-standard","hentry","category-aktuelles","category-energietouren","category-news"],"_links":{"self":[{"href":"https:\/\/solarverein-berlin.de\/index.php?rest_route=\/wp\/v2\/posts\/406","targetHints":{"allow":["GET"]}}],"collection":[{"href":"https:\/\/solarverein-berlin.de\/index.php?rest_route=\/wp\/v2\/posts"}],"about":[{"href":"https:\/\/solarverein-berlin.de\/index.php?rest_route=\/wp\/v2\/types\/post"}],"author":[{"embeddable":true,"href":"https:\/\/solarverein-berlin.de\/index.php?rest_route=\/wp\/v2\/users\/2"}],"replies":[{"embeddable":true,"href":"https:\/\/solarverein-berlin.de\/index.php?rest_route=%2Fwp%2Fv2%2Fcomments&post=406"}],"version-history":[{"count":1,"href":"https:\/\/solarverein-berlin.de\/index.php?rest_route=\/wp\/v2\/posts\/406\/revisions"}],"predecessor-version":[{"id":1621,"href":"https:\/\/solarverein-berlin.de\/index.php?rest_route=\/wp\/v2\/posts\/406\/revisions\/1621"}],"wp:attachment":[{"href":"https:\/\/solarverein-berlin.de\/index.php?rest_route=%2Fwp%2Fv2%2Fmedia&parent=406"}],"wp:term":[{"taxonomy":"category","embeddable":true,"href":"https:\/\/solarverein-berlin.de\/index.php?rest_route=%2Fwp%2Fv2%2Fcategories&post=406"},{"taxonomy":"post_tag","embeddable":true,"href":"https:\/\/solarverein-berlin.de\/index.php?rest_route=%2Fwp%2Fv2%2Ftags&post=406"}],"curies":[{"name":"wp","href":"https:\/\/api.w.org\/{rel}","templated":true}]}}