{"id":418,"date":"2007-05-10T22:50:58","date_gmt":"2007-05-10T22:50:58","guid":{"rendered":"http:\/\/mysparky.org\/solarverein\/?p=418"},"modified":"2015-05-27T07:14:50","modified_gmt":"2015-05-27T05:14:50","slug":"tour-2007-burger-solaranlagen-und-weitere-beteiligungskonzepte","status":"publish","type":"post","link":"https:\/\/solarverein-berlin.de\/?p=418","title":{"rendered":"Tour 2007 &#8222;B\u00fcrger-Solaranlagen und weitere Beteiligungskonzepte&#8220;"},"content":{"rendered":"<p style=\"text-align: center;\"><img loading=\"lazy\" decoding=\"async\" class=\"alignnone size-large wp-image-1081\" alt=\"OLYMPUS DIGITAL CAMERA\" src=\"http:\/\/svbb.smuemd.de\/\/\/wp-content\/uploads\/2007\/05\/Energietour-2007-c-640x478.jpg\" width=\"640\" height=\"478\" srcset=\"https:\/\/solarverein-berlin.de\/wp-content\/uploads\/2007\/05\/Energietour-2007-c-640x478.jpg 640w, https:\/\/solarverein-berlin.de\/wp-content\/uploads\/2007\/05\/Energietour-2007-c-260x194.jpg 260w, https:\/\/solarverein-berlin.de\/wp-content\/uploads\/2007\/05\/Energietour-2007-c.jpg 1024w\" sizes=\"auto, (max-width: 640px) 100vw, 640px\" \/><\/p>\n<p>Ein sch\u00f6ner Erfolg war unser Workshop \u201d im Rahmen der \u201cWoche der Sonne\u201d am 28.04.2007 in Vichel im Ruppiner Land nordwestlich von Berlin.<\/p>\n<p>Der vom Solarverein Berlin e.V. am \u201cTag der Erneuerbaren Energien\u201c angebotene Workshop richtete sich an Umweltgruppen, Initiativen und Interessierte, die den Aufbau einer B\u00fcrger-Solaranlage planen und dar\u00fcber hinaus B\u00fcrgerbeteiligungsmodelle an regenerativen Energieanlagen diskutieren wollten.<br \/>\n<!--more--><\/p>\n<p>Nach einem Impulsreferat ging man am Nachmittag auf Gedankenreise gehen. Themen u.a.: welche Erneuerbare-Energien-Projekte lassen sich durch B\u00fcrgerbeteiligungen finanzieren?<\/p>\n<div class=\"req-clearing-container\"><ul class=\" has-featured\" data-clearing><li><a href=\"https:\/\/solarverein-berlin.de\/wp-content\/uploads\/2008\/01\/Energietour-2007-b.jpg\"><img decoding=\"async\" src=\"https:\/\/solarverein-berlin.de\/wp-content\/uploads\/2008\/01\/Energietour-2007-b-640x478.jpg\" \/><\/a><\/li><li><a href=\"https:\/\/solarverein-berlin.de\/wp-content\/uploads\/2007\/05\/Energietour-2007-c.jpg\"><img decoding=\"async\" src=\"https:\/\/solarverein-berlin.de\/wp-content\/uploads\/2007\/05\/Energietour-2007-c-640x478.jpg\" \/><\/a><\/li><li><a href=\"https:\/\/solarverein-berlin.de\/wp-content\/uploads\/2007\/05\/Energietour-2007-d.jpg\"><img decoding=\"async\" src=\"https:\/\/solarverein-berlin.de\/wp-content\/uploads\/2007\/05\/Energietour-2007-d-640x478.jpg\" \/><\/a><\/li><li><a href=\"https:\/\/solarverein-berlin.de\/wp-content\/uploads\/2007\/05\/Energietour-2007-e.jpg\"><img decoding=\"async\" src=\"https:\/\/solarverein-berlin.de\/wp-content\/uploads\/2007\/05\/Energietour-2007-e-640x478.jpg\" \/><\/a><\/li><\/ul><\/div>\n<p>Tagungsort war das Dorfgemeinschaftshaus und das Gutshaus \u201cSchloss Vichel\u201d im Ruppiner Land. Das Gutshaus geh\u00f6rt der \u201eGesellschaft zur F\u00f6rderung musischer Erziehung e.V.\u201c Deren Tochtergesellschaft, die Werkgemeinschaft f\u00fcr Berlin\/Brandenburg gGmbH, hat in Berlin die Dachfl\u00e4che f\u00fcr unsere ersten beiden Solaranlagen zur Verf\u00fcgung gestellt.<\/p>\n<p>Auch die An- und Abfahrt war umweltgerecht gestaltet: der Bahnhof Friesack\/Mark war der Treffpunkt f\u00fcr Radfahrer. Die Fahrt nach Vichel f\u00fchrte 12 km durch das Rhinluch \u2013 mit Erkl\u00e4rungen zur Geschichte und Bedeutung des Luchgebietes f\u00fcr den Brandenburger Wasserhaushalt.<\/p>\n<h5>Ablauf:<\/h5>\n<p>10.07 Uhr Gemeinsame Anreise mit dem Fahrrad vom Bahnhof Friesack nach Vichel (PLZ 16845) (nat\u00fcrlich kann der Tagungsort auch anders angefahren werden \u2013 es f\u00fchren viele Wege nach Vichel!)<br \/>\n11.00 Uhr Begr\u00fc\u00dfung<br \/>\n11.15 Uhr B\u00fcrger-Solaranlagen \u2013 Planung, Mietvertrag, Gesch\u00e4ftsmodelle, Referentin Claudia Pirch-Masloch, Vorsitzende Solarverein Berlin e.V.<br \/>\n12.00 Uhr Technik einer Photovoltaikanlage, Referent Henrik Bumiller, Solarunternehmer<br \/>\n12.30 Uhr Steuerfragen , Referentin Gabriele Calo, Steuerberaterin<br \/>\n13.00 Uhr Mittagspause mit \u00d6ko-Essen von \u00f6rtlichen Erzeugern<br \/>\n14.00 Uhr Impulsreferat \u201cWunderbar Erneuerbar\u201e \u2013 Energiecontracting \u00fcber B\u00fcrgerbeteiligung\u201d, Referent Dirk Wiederhold, Dipl.-Ing.<br \/>\n14.45 Uhr Denkwerkstatt \u2013 welche Erneuerbare-Energien-Projekte lassen sich durch B\u00fcrgerbeteiligung finanzieren?<br \/>\n17.00 Uhr Gemeinsame Abreise mit dem Fahrrad zum Bahnhof Friesack<\/p>\n","protected":false},"excerpt":{"rendered":"<p>Ein sch\u00f6ner Erfolg war unser Workshop \u201d im Rahmen der \u201cWoche der Sonne\u201d am 28.04.2007 in Vichel im Ruppiner Land nordwestlich von Berlin. Der vom Solarverein Berlin e.V. am \u201cTag der Erneuerbaren Energien\u201c angebotene Workshop richtete sich an Umweltgruppen, Initiativen <a class=\"read-more\" href=\"https:\/\/solarverein-berlin.de\/?p=418\">&hellip; Weiterlesen &rarr;<\/a><\/p>\n","protected":false},"author":2,"featured_media":0,"comment_status":"closed","ping_status":"open","sticky":false,"template":"","format":"standard","meta":{"footnotes":""},"categories":[1,2],"tags":[],"class_list":["post-418","post","type-post","status-publish","format-standard","hentry","category-aktuelles","category-energietouren"],"_links":{"self":[{"href":"https:\/\/solarverein-berlin.de\/index.php?rest_route=\/wp\/v2\/posts\/418","targetHints":{"allow":["GET"]}}],"collection":[{"href":"https:\/\/solarverein-berlin.de\/index.php?rest_route=\/wp\/v2\/posts"}],"about":[{"href":"https:\/\/solarverein-berlin.de\/index.php?rest_route=\/wp\/v2\/types\/post"}],"author":[{"embeddable":true,"href":"https:\/\/solarverein-berlin.de\/index.php?rest_route=\/wp\/v2\/users\/2"}],"replies":[{"embeddable":true,"href":"https:\/\/solarverein-berlin.de\/index.php?rest_route=%2Fwp%2Fv2%2Fcomments&post=418"}],"version-history":[{"count":1,"href":"https:\/\/solarverein-berlin.de\/index.php?rest_route=\/wp\/v2\/posts\/418\/revisions"}],"predecessor-version":[{"id":1623,"href":"https:\/\/solarverein-berlin.de\/index.php?rest_route=\/wp\/v2\/posts\/418\/revisions\/1623"}],"wp:attachment":[{"href":"https:\/\/solarverein-berlin.de\/index.php?rest_route=%2Fwp%2Fv2%2Fmedia&parent=418"}],"wp:term":[{"taxonomy":"category","embeddable":true,"href":"https:\/\/solarverein-berlin.de\/index.php?rest_route=%2Fwp%2Fv2%2Fcategories&post=418"},{"taxonomy":"post_tag","embeddable":true,"href":"https:\/\/solarverein-berlin.de\/index.php?rest_route=%2Fwp%2Fv2%2Ftags&post=418"}],"curies":[{"name":"wp","href":"https:\/\/api.w.org\/{rel}","templated":true}]}}