{"id":426,"date":"2006-05-10T20:22:20","date_gmt":"2006-05-10T20:22:20","guid":{"rendered":"http:\/\/mysparky.org\/solarverein\/?p=426"},"modified":"2015-05-27T07:14:50","modified_gmt":"2015-05-27T05:14:50","slug":"tour-2006-energetische-ziele-rund-um-teltow","status":"publish","type":"post","link":"https:\/\/solarverein-berlin.de\/?p=426","title":{"rendered":"Tour 2006 Energetische Ziele rund um Teltow"},"content":{"rendered":"<p style=\"text-align: center;\"><img loading=\"lazy\" decoding=\"async\" class=\"alignnone size-large wp-image-1091\" alt=\"OLYMPUS DIGITAL CAMERA\" src=\"http:\/\/svbb.smuemd.de\/\/\/wp-content\/uploads\/2006\/05\/Energietour-2006-a-640x478.jpg\" width=\"640\" height=\"478\" srcset=\"https:\/\/solarverein-berlin.de\/wp-content\/uploads\/2006\/05\/Energietour-2006-a-640x478.jpg 640w, https:\/\/solarverein-berlin.de\/wp-content\/uploads\/2006\/05\/Energietour-2006-a-260x194.jpg 260w, https:\/\/solarverein-berlin.de\/wp-content\/uploads\/2006\/05\/Energietour-2006-a.jpg 1024w\" sizes=\"auto, (max-width: 640px) 100vw, 640px\" \/><\/p>\n<p>Die Fahrradtour 29.04.2006 \u201cTag der Erneuerbaren Energien\u201d war eine Gemeinschaftsaktion vom Solarverein Berlin e.V., dem Bildungswerk Berlin der Heinrich-B\u00f6ll-Stiftung, der Agenda 21 Teltow \u2013 Arbeitsgruppe B\u00fcrger-Solaranlage und der B\u00fcrger-Solar Kleinmachnow 1 GbR.<br \/>\n<!--more--><\/p>\n<p>Leider spielte das Wetter den Teilnehmern einen Streich \u2013 was aber die gute Laune bei der Tour nicht verdarb!<\/p>\n<p style=\"text-align: center;\"><img loading=\"lazy\" decoding=\"async\" class=\"alignnone size-large wp-image-1090\" alt=\"OLYMPUS DIGITAL CAMERA\" src=\"http:\/\/svbb.smuemd.de\/\/\/wp-content\/uploads\/2006\/05\/Energietour-2006-b-640x478.jpg\" width=\"640\" height=\"478\" srcset=\"https:\/\/solarverein-berlin.de\/wp-content\/uploads\/2006\/05\/Energietour-2006-b-640x478.jpg 640w, https:\/\/solarverein-berlin.de\/wp-content\/uploads\/2006\/05\/Energietour-2006-b-260x194.jpg 260w, https:\/\/solarverein-berlin.de\/wp-content\/uploads\/2006\/05\/Energietour-2006-b.jpg 1024w\" sizes=\"auto, (max-width: 640px) 100vw, 640px\" \/><\/p>\n<p>Startpunkt war Zehlendorf S\u00fcd an der Ecke Teltower Damm\/Beeskowdamm \u2013 gegen\u00fcber der Werkgemeinschaft Berlin-Brandenburg, Teltower Damm 269, wo die ersten beiden B\u00fcrger-Solaranlagen Berlins vom Solarverein errichtet wurden.<\/p>\n<p>Die Radtour in die Fr\u00fchlingslandschaft s\u00fcdlich Berlins wurde 23 km auf verkehrsarmen Wegen gef\u00fchrt, so dass auch f\u00fcr Familien mit Kindernteilnehmen konnten.<\/p>\n<h5>\u201cEnergietechnische\u201c Haltepunkte:<\/h5>\n<ul>\n<li><span style=\"line-height: 1.6;\">Solarwerkstatt \u201cSolinius\u201d Teltow, Mahlower Str.145 (ca.12.00 Uhr)<\/span><\/li>\n<li><span style=\"line-height: 1.6;\">Heizen mit Holz und Sonne, Besichtigung einer Anlage beim Revierf\u00f6rster Parsiegla in Gro\u00dfbeeren, Am Sportplatz (ca. 14.00 Uhr)<\/span><\/li>\n<li><span style=\"line-height: 1.6;\">Picknick unter Windr\u00e4dern westlich von Gro\u00dfbeeren (ca.16.00 Uhr)<\/span><\/li>\n<li><span style=\"line-height: 1.6;\">Die B\u00fcrgersolaranlage auf dem Dach der Bruno H. B\u00fcrgel Oberschule in Teltow, Potsdamer Stra\u00dfe 51 (ca. 18.00 Uhr)<\/span><\/li>\n<\/ul>\n","protected":false},"excerpt":{"rendered":"<p>Die Fahrradtour 29.04.2006 \u201cTag der Erneuerbaren Energien\u201d war eine Gemeinschaftsaktion vom Solarverein Berlin e.V., dem Bildungswerk Berlin der Heinrich-B\u00f6ll-Stiftung, der Agenda 21 Teltow \u2013 Arbeitsgruppe B\u00fcrger-Solaranlage und der B\u00fcrger-Solar Kleinmachnow 1 GbR.<\/p>\n","protected":false},"author":2,"featured_media":0,"comment_status":"closed","ping_status":"open","sticky":false,"template":"","format":"standard","meta":{"footnotes":""},"categories":[2],"tags":[],"class_list":["post-426","post","type-post","status-publish","format-standard","hentry","category-energietouren"],"_links":{"self":[{"href":"https:\/\/solarverein-berlin.de\/index.php?rest_route=\/wp\/v2\/posts\/426","targetHints":{"allow":["GET"]}}],"collection":[{"href":"https:\/\/solarverein-berlin.de\/index.php?rest_route=\/wp\/v2\/posts"}],"about":[{"href":"https:\/\/solarverein-berlin.de\/index.php?rest_route=\/wp\/v2\/types\/post"}],"author":[{"embeddable":true,"href":"https:\/\/solarverein-berlin.de\/index.php?rest_route=\/wp\/v2\/users\/2"}],"replies":[{"embeddable":true,"href":"https:\/\/solarverein-berlin.de\/index.php?rest_route=%2Fwp%2Fv2%2Fcomments&post=426"}],"version-history":[{"count":1,"href":"https:\/\/solarverein-berlin.de\/index.php?rest_route=\/wp\/v2\/posts\/426\/revisions"}],"predecessor-version":[{"id":1691,"href":"https:\/\/solarverein-berlin.de\/index.php?rest_route=\/wp\/v2\/posts\/426\/revisions\/1691"}],"wp:attachment":[{"href":"https:\/\/solarverein-berlin.de\/index.php?rest_route=%2Fwp%2Fv2%2Fmedia&parent=426"}],"wp:term":[{"taxonomy":"category","embeddable":true,"href":"https:\/\/solarverein-berlin.de\/index.php?rest_route=%2Fwp%2Fv2%2Fcategories&post=426"},{"taxonomy":"post_tag","embeddable":true,"href":"https:\/\/solarverein-berlin.de\/index.php?rest_route=%2Fwp%2Fv2%2Ftags&post=426"}],"curies":[{"name":"wp","href":"https:\/\/api.w.org\/{rel}","templated":true}]}}